{"id":3071,"date":"2025-09-15T14:31:37","date_gmt":"2025-09-15T13:31:37","guid":{"rendered":"https:\/\/www.arbeidsutvalget.no\/?p=3071"},"modified":"2025-09-19T07:55:17","modified_gmt":"2025-09-19T06:55:17","slug":"vellykket-brukermote-pa-steinkjer","status":"publish","type":"post","link":"https:\/\/www.arbeidsutvalget.no\/?p=3071","title":{"rendered":"Vellykket Brukerm\u00f8te p\u00e5 Steinkjer"},"content":{"rendered":"\n<figure class=\"wp-block-image\"><img decoding=\"async\" src=\"https:\/\/bibsyst.no\/wp-content\/uploads\/2025\/05\/641A0525-Forbedret-NR-scaled.jpg\" alt=\"\"\/><\/figure>\n\n\n\n<h1 class=\"wp-block-heading\"><\/h1>\n\n\n\n<h4 class=\"wp-block-heading\">I begynnelsen av mai var det igjen tid for v\u00e5rens vakreste eventyr, Bibliofilforeningens Brukerm\u00f8te. Denne gangen tok vi turen til Steinkjer og det flotte, nye biblioteket der.<\/h4>\n\n\n\n<p>Brukerm\u00f8te startet med lunsj i foajeen p\u00e5 Kulturhuset. Arbeidsutvalget (Bibliofilforeningens styre) og leder ved Kulturkvartalet stod for den offisielle \u00e5pningen.<\/p>\n\n\n\n<figure class=\"wp-block-image\"><img decoding=\"async\" src=\"https:\/\/bibsyst.no\/wp-content\/uploads\/2025\/05\/641A0599-Forbedret-NR-1024x683.jpg\" alt=\"\" class=\"wp-image-340279\"\/><figcaption class=\"wp-element-caption\"><em>Runar Bruteig Olsen, Stormen bibliotek og Bibliofilforeningen, \u00f8nsket hjertelig velkommen til Brukerm\u00f8te 2025 p\u00e5 Steinkjer .<\/em><\/figcaption><\/figure>\n\n\n\n<figure class=\"wp-block-image\"><img decoding=\"async\" src=\"https:\/\/bibsyst.no\/wp-content\/uploads\/2025\/05\/641A0603-Forbedret-NR-1024x683.jpg\" alt=\"\" class=\"wp-image-340280\"\/><figcaption class=\"wp-element-caption\"><em>Gunhild Tettli<\/em>,&nbsp;<em>leder ved Kulturkvartalet<\/em><\/figcaption><\/figure>\n\n\n\n<figure class=\"wp-block-image\"><img decoding=\"async\" src=\"https:\/\/bibsyst.no\/wp-content\/uploads\/2025\/05\/641A0630-Forbedret-NR-1024x683.jpg\" alt=\"\" class=\"wp-image-340281\"\/><figcaption class=\"wp-element-caption\"><em>Ola Thori Kogstad, daglig leder i Bibliotek-Systemer, orienterte om hva som var nytt siden forrige Brukerm\u00f8te.<\/em><\/figcaption><\/figure>\n\n\n\n<p>Arbeidsutvalget hadde gjort en glimrende jobb med planleggingen og gjennomf\u00f8ringen av Brukerm\u00f8te. Mandag ettermiddag deltok rundt 30 personer p\u00e5 Bibliotek-Systemers kurs. I forkant av m\u00f8tet var det ogs\u00e5 en egen samling for skolebibliotekarer i regi av Fagutvalget for skolebibliotek. Bibliofilforeningen avholdt ogs\u00e5 sitt \u00e5rsm\u00f8te.<\/p>\n\n\n\n<p>En av de eksterne foredragsholderne var spesialr\u00e5dgiver digitale bibliotektjenester, Bj\u00f8rn Kjetil Fredriksen fra Rogaland fylkesbibliotek, som presenterte arbeidet mot en ny nasjonal formidlingsl\u00f8sning.<\/p>\n\n\n\n<figure class=\"wp-block-image\"><img decoding=\"async\" src=\"https:\/\/bibsyst.no\/wp-content\/uploads\/2025\/05\/CR064835-Forbedret-NR-683x1024.jpg\" alt=\"\" class=\"wp-image-340321\"\/><figcaption class=\"wp-element-caption\"><em>Bj\u00f8rn Kjetil Fredriksen<\/em><\/figcaption><\/figure>\n\n\n\n<figure class=\"wp-block-image\"><img decoding=\"async\" src=\"https:\/\/bibsyst.no\/wp-content\/uploads\/2025\/05\/CR064926-Forbedret-NR-1024x683.jpg\" alt=\"\" class=\"wp-image-340328\"\/><\/figure>\n\n\n\n<figure class=\"wp-block-image\"><img decoding=\"async\" src=\"https:\/\/bibsyst.no\/wp-content\/uploads\/2025\/05\/CR064986-Forbedret-NR-1024x683.jpg\" alt=\"\" class=\"wp-image-340333\"\/><figcaption class=\"wp-element-caption\"><em>Arne Olav Hageberg, redakt\u00f8r i Bok &amp; Bibliotek snakket om b\u00f8ker, bibliotek og kapital.<\/em><\/figcaption><\/figure>\n\n\n\n<figure class=\"wp-block-image\"><img decoding=\"async\" src=\"https:\/\/bibsyst.no\/wp-content\/uploads\/2025\/05\/CR064968-Forbedret-NR-1024x683.jpg\" alt=\"\" class=\"wp-image-340346\"\/><\/figure>\n\n\n\n<h4 class=\"wp-block-heading\">Fra nyheter til \u00abTips og triks\u00bb<\/h4>\n\n\n\n<p>Bibliotek-Systemer presenterte flere nyheter og hadde blant annet avduking av nyheten Frida-Lill \u2013 en liten utl\u00e5nsautomat som kan plasseres p\u00e5 bord eller henges p\u00e5 vegg. Fl\u00e5testyring av Ida\/Frida ble presentert, utl\u00e5n direkte p\u00e5 mobilen med RFID-brikker og Diktbiblioteket. Andre ting som Bibliotek-Systemer jobber med, som sikkerhet, ny hentehyllel\u00f8sning og samarbeidet med Biblioteksentralen om LibryContent, fikk vi ogs\u00e5 h\u00f8re om \u2013 i tillegg til den tradisjonelle seansen med \u00abTips og triks og nytt i Bibliofil siden sist\u00bb.<\/p>\n\n\n\n<figure class=\"wp-block-image\"><img decoding=\"async\" src=\"https:\/\/bibsyst.no\/wp-content\/uploads\/2025\/05\/CR064419-Forbedret-NR-Edit-1024x683.jpg\" alt=\"\" class=\"wp-image-340302\"\/><figcaption class=\"wp-element-caption\"><em>Vegard Nilsen, Bibliotek-Systemer, avduker den nye selvbetjeningsautomaten Frida-Lill.<\/em><\/figcaption><\/figure>\n\n\n\n<figure class=\"wp-block-image\"><img decoding=\"async\" src=\"https:\/\/bibsyst.no\/wp-content\/uploads\/2025\/05\/CR065037-Forbedret-NR-1024x683.jpg\" alt=\"\" class=\"wp-image-340338\"\/><figcaption class=\"wp-element-caption\"><em>Rune Bj\u00f8rner\u00e5s, Bibliotek-Systemer, snakker om fl\u00e5testyring av Ida p\u00e5 flere selvbetjeningsautomater. Her demonstrert p\u00e5 3 stk. Frida-Lill.<\/em><\/figcaption><\/figure>\n\n\n\n<figure class=\"wp-block-image\"><img decoding=\"async\" src=\"https:\/\/bibsyst.no\/wp-content\/uploads\/2025\/05\/CR065013-Forbedret-NR-Edit-1024x683.jpg\" alt=\"\" class=\"wp-image-340336\"\/><figcaption class=\"wp-element-caption\"><em>Agnete Mjelland Hafskjold, Bibliotek-Systemer, viste hvordan man kan foreta utl\u00e5n direkte p\u00e5 mobilen.<\/em><\/figcaption><\/figure>\n\n\n\n<figure class=\"wp-block-image\"><img decoding=\"async\" src=\"https:\/\/bibsyst.no\/wp-content\/uploads\/2025\/05\/CR065078-Forbedret-NR-1024x684.jpg\" alt=\"\" class=\"wp-image-340340\"\/><figcaption class=\"wp-element-caption\"><em>Monica Skybakmoen, Bibliotek-Systemer, presenterte Diktbiblioteket og oppfordret alle til \u00e5 bidra med \u00e5 legge inn dikt i denne.<\/em><\/figcaption><\/figure>\n\n\n\n<figure class=\"wp-block-image\"><img decoding=\"async\" src=\"https:\/\/bibsyst.no\/wp-content\/uploads\/2025\/05\/641A0641-Forbedret-NR-1024x683.jpg\" alt=\"\" class=\"wp-image-340282\"\/><figcaption class=\"wp-element-caption\"><em>Tips og triks \u2013 \u00abHva er nytt i Bibliofil?\u00bb ved Marie C. Eikeland, Bibliotek-Systemer.<\/em><\/figcaption><\/figure>\n\n\n\n<figure class=\"wp-block-image\"><img decoding=\"async\" src=\"https:\/\/bibsyst.no\/wp-content\/uploads\/2025\/05\/CR064776-Forbedret-NR-1024x683.jpg\" alt=\"\" class=\"wp-image-340318\"\/><figcaption class=\"wp-element-caption\"><em>Inger Nyg\u00e5rd, Biblioteksentralen, snakket om LibryContent.<\/em><\/figcaption><\/figure>\n\n\n\n<h4 class=\"wp-block-heading\">Omvisning og \u00abHilmarfestivalen\u00bb<\/h4>\n\n\n\n<p>\u00c5rets festkveld startet med et musikalsk k\u00e5seri om Steinkjers historie, \u00abHilmarfestivalen\u00bb, med Astrid Skogseth og Terje Tranaas, f\u00f8r vi fikk omvisning p\u00e5 det nye, flotte kulturhuset som biblioteket er en del av. Mottakelse ved biblioteksjef Marianne Vanem i foajeen p\u00e5 Kulturhuset.<\/p>\n\n\n\n<figure class=\"wp-block-image\"><img decoding=\"async\" src=\"https:\/\/bibsyst.no\/wp-content\/uploads\/2025\/05\/CR064473-Forbedret-NR-1024x683.jpg\" alt=\"\" class=\"wp-image-340307\"\/><figcaption class=\"wp-element-caption\"><em>Marianne Vanem<\/em><\/figcaption><\/figure>\n\n\n\n<figure class=\"wp-block-image\"><img decoding=\"async\" src=\"https:\/\/bibsyst.no\/wp-content\/uploads\/2025\/05\/CR064597-Forbedret-NR-Edit-1024x683.jpg\" alt=\"\" class=\"wp-image-340309\"\/><figcaption class=\"wp-element-caption\"><em>Astri Skogseth og Terje Tranaas<\/em><\/figcaption><\/figure>\n\n\n\n<figure class=\"wp-block-image\"><img decoding=\"async\" src=\"https:\/\/bibsyst.no\/wp-content\/uploads\/2025\/05\/CR064667-Forbedret-NR-1024x683.jpg\" alt=\"\" class=\"wp-image-340312\"\/><figcaption class=\"wp-element-caption\"><em>Omvisning p\u00e5 biblioteket ved Marianne Vanem<\/em>.<\/figcaption><\/figure>\n\n\n\n<figure class=\"wp-block-image\"><img decoding=\"async\" src=\"https:\/\/bibsyst.no\/wp-content\/uploads\/2025\/05\/CR064679-Forbedret-NR-1024x683.jpg\" alt=\"\" class=\"wp-image-340313\"\/><\/figure>\n\n\n\n<figure class=\"wp-block-image\"><img decoding=\"async\" src=\"https:\/\/bibsyst.no\/wp-content\/uploads\/2025\/05\/CR064685-1024x683.jpg\" alt=\"\" class=\"wp-image-340314\"\/><\/figure>\n\n\n\n<figure class=\"wp-block-image\"><img decoding=\"async\" src=\"https:\/\/bibsyst.no\/wp-content\/uploads\/2025\/05\/CR064654-Forbedret-NR-1024x683.jpg\" alt=\"\" class=\"wp-image-340311\"\/><\/figure>\n\n\n\n<figure class=\"wp-block-image\"><img decoding=\"async\" src=\"https:\/\/bibsyst.no\/wp-content\/uploads\/2025\/05\/641A0482-Forbedret-NR-1024x683.jpg\" alt=\"\" class=\"wp-image-340273\"\/><\/figure>\n\n\n\n<figure class=\"wp-block-image\"><img decoding=\"async\" src=\"https:\/\/bibsyst.no\/wp-content\/uploads\/2025\/05\/641A0699-Forbedret-NR-1024x683.jpg\" alt=\"\" class=\"wp-image-340284\"\/><\/figure>\n\n\n\n<figure class=\"wp-block-image\"><img decoding=\"async\" src=\"https:\/\/bibsyst.no\/wp-content\/uploads\/2025\/05\/641A0724-Forbedret-NR-Edit-1024x683.jpg\" alt=\"\" class=\"wp-image-340285\"\/><\/figure>\n\n\n\n<figure class=\"wp-block-image\"><img decoding=\"async\" src=\"https:\/\/bibsyst.no\/wp-content\/uploads\/2025\/05\/641A0460-Forbedret-NR-1024x683.jpg\" alt=\"\" class=\"wp-image-340272\"\/><\/figure>\n\n\n\n<figure class=\"wp-block-image\"><img decoding=\"async\" src=\"https:\/\/bibsyst.no\/wp-content\/uploads\/2025\/05\/641A0452-Forbedret-NR-1024x683.jpg\" alt=\"\" class=\"wp-image-340270\"\/><\/figure>\n\n\n\n<figure class=\"wp-block-image\"><img decoding=\"async\" src=\"https:\/\/bibsyst.no\/wp-content\/uploads\/2025\/05\/641A0408-Forbedret-NR-1024x689.jpg\" alt=\"\" class=\"wp-image-340269\"\/><\/figure>\n\n\n\n<h4 class=\"wp-block-heading\">Sikkerhet, PLAS og tellekamera<\/h4>\n\n\n\n<p>Vegard Nilsen og Elise Johnsen snakket om sikkerhet i Bibliofil. Roger Niva hadde innlegg om PLAS og Nils Petter Halvorsen fortalte om kameratelling.<\/p>\n\n\n\n<figure class=\"wp-block-image\"><img decoding=\"async\" src=\"https:\/\/bibsyst.no\/wp-content\/uploads\/2025\/05\/CR064373-Forbedret-NR-1024x683.jpg\" alt=\"\" class=\"wp-image-340298\"\/><figcaption class=\"wp-element-caption\"><em>Vegard Nilsen<\/em>,&nbsp;<em>Bibliotek-Systemer<\/em><\/figcaption><\/figure>\n\n\n\n<figure class=\"wp-block-image\"><img decoding=\"async\" src=\"https:\/\/bibsyst.no\/wp-content\/uploads\/2025\/05\/CR064740-Forbedret-NR-1024x683.jpg\" alt=\"\" class=\"wp-image-340316\"\/><figcaption class=\"wp-element-caption\"><em>Elise Johnsen, Bibliotek-Systemer<\/em><\/figcaption><\/figure>\n\n\n\n<figure class=\"wp-block-image\"><img decoding=\"async\" src=\"https:\/\/bibsyst.no\/wp-content\/uploads\/2025\/05\/CR064770-Forbedret-NR-Edit-1024x683.jpg\" alt=\"\" class=\"wp-image-340317\"\/><figcaption class=\"wp-element-caption\"><em>Roger Niva, Bibliotek-Systemer<\/em>.<\/figcaption><\/figure>\n\n\n\n<figure class=\"wp-block-image\"><img decoding=\"async\" src=\"https:\/\/bibsyst.no\/wp-content\/uploads\/2025\/05\/CR064392-Forbedret-NR-1024x683.jpg\" alt=\"\" class=\"wp-image-340300\"\/><figcaption class=\"wp-element-caption\"><em>Nils Petter Halvorsen, Bibliotek-Systemer<\/em>.<\/figcaption><\/figure>\n\n\n\n<h2 class=\"wp-block-heading\">V\u00e5r nye stolthet \u2013 selvbetjeningsenheten Frida-Lill<\/h2>\n\n\n\n<p>Nils Petter Halvorsen viser frem v\u00e5r nye selvbetjeningsautomat, Frida-Lill. Automaten har samme programfunksjonalitet som stores\u00f8ster Frida, hvor selvbetjeningsprogrammet Ida er installert. Materialvalget er lakket, sort MDF-plate og bordplate i corian.<\/p>\n\n\n\n<figure class=\"wp-block-image\"><img decoding=\"async\" src=\"https:\/\/bibsyst.no\/wp-content\/uploads\/2025\/05\/CR064431-Forbedret-NR-1024x683.jpg\" alt=\"\" class=\"wp-image-340304\"\/><figcaption class=\"wp-element-caption\"><em>Nils Petter Halvorsen, Bibliotek-Systemer.<\/em><\/figcaption><\/figure>\n\n\n\n<figure class=\"wp-block-image\"><img decoding=\"async\" src=\"https:\/\/bibsyst.no\/wp-content\/uploads\/2025\/05\/CR064940-Forbedret-NR-1024x683.jpg\" alt=\"\" class=\"wp-image-340331\"\/><\/figure>\n\n\n\n<h4 class=\"wp-block-heading\">Frida-Lill til Stange bibliotek<\/h4>\n\n\n\n<p>Stange bibliotek benyttet seg av det gode tilbudet p\u00e5 Frida-Lill og ble dermed den f\u00f8rste kunden som tar den nye selvbetjeningsautomaten i bruk. Vi gratulerer med ny automat!<\/p>\n\n\n\n<figure class=\"wp-block-image\"><img decoding=\"async\" src=\"https:\/\/bibsyst.no\/wp-content\/uploads\/2025\/05\/CR064853-Forbedret-NR-1024x683.jpg\" alt=\"\" class=\"wp-image-340324\"\/><figcaption class=\"wp-element-caption\"><em>Henry Bronken og Pelle John Noir Smith fra Stange bibliotek.<\/em><\/figcaption><\/figure>\n\n\n\n<h4 class=\"wp-block-heading\">Sosialt samv\u00e6r og fellesskap med andre kunder<\/h4>\n\n\n\n<p>Et h\u00f8ydepunkt for mange p\u00e5 Brukerm\u00f8te er det sosiale fellesskapet med andre kunder. God stemning, hyggelige og nyttige samtaler underveis! Etter det kulturelle innslaget og omvisningen gikk turen til \u00d8yna kulturlandskapshotell i Inder\u00f8y, hvor vi fikk servert en nydelig festmiddag i flotte omgivelser.<\/p>\n\n\n\n<figure class=\"wp-block-image\"><img decoding=\"async\" src=\"https:\/\/bibsyst.no\/wp-content\/uploads\/2025\/05\/CR064232-Forbedret-NR-1024x683.jpg\" alt=\"\" class=\"wp-image-340286\"\/><\/figure>\n\n\n\n<figure class=\"wp-block-image\"><img decoding=\"async\" src=\"https:\/\/bibsyst.no\/wp-content\/uploads\/2025\/05\/CR064319-Forbedret-NR-1024x683.jpg\" alt=\"\" class=\"wp-image-340293\"\/><\/figure>\n\n\n\n<figure class=\"wp-block-image\"><img decoding=\"async\" src=\"https:\/\/bibsyst.no\/wp-content\/uploads\/2025\/05\/CR064962-Forbedret-NR-1024x683.jpg\" alt=\"\" class=\"wp-image-340332\"\/><\/figure>\n\n\n\n<figure class=\"wp-block-image\"><img decoding=\"async\" src=\"https:\/\/bibsyst.no\/wp-content\/uploads\/2025\/05\/CR064367-Forbedret-NR-scaled-e1747660260780-1024x702.jpg\" alt=\"\" class=\"wp-image-340297\"\/><\/figure>\n\n\n\n<figure class=\"wp-block-image\"><img decoding=\"async\" src=\"https:\/\/bibsyst.no\/wp-content\/uploads\/2025\/05\/CR064306-Forbedret-NR-1024x683.jpg\" alt=\"\" class=\"wp-image-340291\"\/><\/figure>\n\n\n\n<figure class=\"wp-block-image\"><img decoding=\"async\" src=\"https:\/\/bibsyst.no\/wp-content\/uploads\/2025\/05\/CR064262-Forbedret-NR-1024x683.jpg\" alt=\"\" class=\"wp-image-340289\"\/><\/figure>\n\n\n\n<figure class=\"wp-block-image\"><img decoding=\"async\" src=\"https:\/\/bibsyst.no\/wp-content\/uploads\/2025\/05\/641A0589-Forbedret-NR-Edit-1024x683.jpg\" alt=\"\" class=\"wp-image-340278\"\/><\/figure>\n\n\n\n<figure class=\"wp-block-image\"><img decoding=\"async\" src=\"https:\/\/bibsyst.no\/wp-content\/uploads\/2025\/05\/641A0513-Forbedret-NR-1024x683.jpg\" alt=\"\" class=\"wp-image-340275\"\/><\/figure>\n\n\n\n<figure class=\"wp-block-image\"><img decoding=\"async\" src=\"https:\/\/bibsyst.no\/wp-content\/uploads\/2025\/05\/641A0379-Forbedret-NR-1024x683.jpg\" alt=\"\" class=\"wp-image-340267\"\/><\/figure>\n\n\n\n<figure class=\"wp-block-image\"><img decoding=\"async\" src=\"https:\/\/bibsyst.no\/wp-content\/uploads\/2025\/05\/CR064257-Forbedret-NR-1024x683.jpg\" alt=\"\" class=\"wp-image-340288\"\/><\/figure>\n\n\n\n<figure class=\"wp-block-image\"><img decoding=\"async\" src=\"https:\/\/bibsyst.no\/wp-content\/uploads\/2025\/05\/641A0363-Forbedret-NR-1024x683.jpg\" alt=\"\" class=\"wp-image-340266\"\/><\/figure>\n\n\n\n<figure class=\"wp-block-image\"><img decoding=\"async\" src=\"https:\/\/bibsyst.no\/wp-content\/uploads\/2025\/05\/CR064894-Forbedret-NR-1024x683.jpg\" alt=\"\" class=\"wp-image-340326\"\/><\/figure>\n\n\n\n<figure class=\"wp-block-image\"><img decoding=\"async\" src=\"https:\/\/bibsyst.no\/wp-content\/uploads\/2025\/05\/CR064312-Forbedret-NR-1024x683.jpg\" alt=\"\" class=\"wp-image-340292\"\/><\/figure>\n\n\n\n<figure class=\"wp-block-image\"><img decoding=\"async\" src=\"https:\/\/bibsyst.no\/wp-content\/uploads\/2025\/05\/CR064239-Forbedret-NR-1024x683.jpg\" alt=\"\" class=\"wp-image-340287\"\/><\/figure>\n\n\n\n<h2 class=\"wp-block-heading\">Nye kunder p\u00e5 Brukerm\u00f8te<\/h2>\n\n\n\n<p>Tre av v\u00e5re nyeste kunder p\u00e5 \u00e5rets Brukerm\u00f8te! Anja Haugholm fra Sirdal bibliotek var ikke til stede da bildet ble tatt. Velkommen i Bibliofil-familien!<\/p>\n\n\n\n<figure class=\"wp-block-image\"><img decoding=\"async\" src=\"https:\/\/bibsyst.no\/wp-content\/uploads\/2025\/05\/CR065006-Forbedret-NR-1024x683.jpg\" alt=\"\" class=\"wp-image-340335\"\/><figcaption class=\"wp-element-caption\"><em>Line Birgitte Moe \u2013 Frosta bibliotek, Torunn Aas \u2013 Vestfold fylkeskommune, VGS og Oddbj\u00f8rg \u00d8iberg \u2013 Selbu bibliotek.<\/em><\/figcaption><\/figure>\n\n\n\n<figure class=\"wp-block-image\"><img decoding=\"async\" src=\"https:\/\/bibsyst.no\/wp-content\/uploads\/2025\/05\/CR065085-Forbedret-NR-1024x729.jpg\" alt=\"\" class=\"wp-image-340341\"\/><\/figure>\n\n\n\n<figure class=\"wp-block-image\"><img decoding=\"async\" src=\"https:\/\/bibsyst.no\/wp-content\/uploads\/2025\/05\/CR065118-Forbedret-NR-1024x683.jpg\" alt=\"\" class=\"wp-image-340342\"\/><\/figure>\n\n\n\n<figure class=\"wp-block-image\"><img decoding=\"async\" src=\"https:\/\/bibsyst.no\/wp-content\/uploads\/2025\/05\/CR064390-Forbedret-NR-1024x683.jpg\" alt=\"\" class=\"wp-image-340299\"\/><\/figure>\n\n\n\n<h4 class=\"wp-block-heading\">Takk til arbeidsutvalget<\/h4>\n\n\n\n<p>Takk til arbeidsutvalget for et godt gjennomf\u00f8rt Brukerm\u00f8te! Her ser vi avtroppende og p\u00e5troppende arbeidsutvalg:<\/p>\n\n\n\n<figure class=\"wp-block-image\"><img decoding=\"async\" src=\"https:\/\/bibsyst.no\/wp-content\/uploads\/2025\/05\/CR064933-Forbedret-NR-1024x683.jpg\" alt=\"\" class=\"wp-image-340329\"\/><figcaption class=\"wp-element-caption\"><em>Avtroppende arbeidsutvalg: Eva \u00d8. Wenstad, Runar Bruteig Olsen, Sandra Gulbrandsen og Suzanne N\u00e6ss.<\/em><\/figcaption><\/figure>\n\n\n\n<figure class=\"wp-block-image\"><img decoding=\"async\" src=\"https:\/\/bibsyst.no\/wp-content\/uploads\/2025\/05\/CR064934-Forbedret-NR-1024x683.jpg\" alt=\"\" class=\"wp-image-340330\"\/><figcaption class=\"wp-element-caption\"><em>P\u00e5troppende arbeidsutvalg: Sandra Gulbrandsen, Camilla Paulsen, Suzanne N\u00e6ss og Eva \u00d8. Wenstad.<\/em><\/figcaption><\/figure>\n\n\n\n<p>En glad og forn\u00f8yd \u00abuglegjeng\u00bb i barneavdelingen p\u00e5 Steinkjer bibliotek sier takk for denne gang og p\u00e5 gjensyn i Fredrikstad 2026!<\/p>\n\n\n\n<figure class=\"wp-block-image\"><img decoding=\"async\" src=\"https:\/\/bibsyst.no\/wp-content\/uploads\/2025\/05\/641A0321-Forbedret-NR-1024x683.jpg\" alt=\"\" class=\"wp-image-340359\"\/><\/figure>\n\n\n\n<p><em>Fotos: Gunn Iren Kj\u00f8ndal<\/em><\/p>\n","protected":false},"excerpt":{"rendered":"<p>I begynnelsen av mai var det igjen tid for v\u00e5rens vakreste eventyr, Bibliofilforeningens Brukerm\u00f8te. Denne gangen tok vi turen til Steinkjer og det flotte, nye biblioteket der. Brukerm\u00f8te startet med lunsj i foajeen p\u00e5 Kulturhuset. Arbeidsutvalget (Bibliofilforeningens styre) og leder &hellip; <a href=\"https:\/\/www.arbeidsutvalget.no\/?p=3071\">Les videre <span class=\"meta-nav\">&rarr;<\/span><\/a><\/p>\n","protected":false},"author":14,"featured_media":0,"comment_status":"closed","ping_status":"closed","sticky":true,"template":"","format":"standard","meta":{"footnotes":""},"categories":[3,1],"tags":[9],"class_list":["post-3071","post","type-post","status-publish","format-standard","hentry","category-au-mote","category-ukategorisert","tag-brukermote-steinkjer"],"_links":{"self":[{"href":"https:\/\/www.arbeidsutvalget.no\/index.php?rest_route=\/wp\/v2\/posts\/3071","targetHints":{"allow":["GET"]}}],"collection":[{"href":"https:\/\/www.arbeidsutvalget.no\/index.php?rest_route=\/wp\/v2\/posts"}],"about":[{"href":"https:\/\/www.arbeidsutvalget.no\/index.php?rest_route=\/wp\/v2\/types\/post"}],"author":[{"embeddable":true,"href":"https:\/\/www.arbeidsutvalget.no\/index.php?rest_route=\/wp\/v2\/users\/14"}],"replies":[{"embeddable":true,"href":"https:\/\/www.arbeidsutvalget.no\/index.php?rest_route=%2Fwp%2Fv2%2Fcomments&post=3071"}],"version-history":[{"count":1,"href":"https:\/\/www.arbeidsutvalget.no\/index.php?rest_route=\/wp\/v2\/posts\/3071\/revisions"}],"predecessor-version":[{"id":3072,"href":"https:\/\/www.arbeidsutvalget.no\/index.php?rest_route=\/wp\/v2\/posts\/3071\/revisions\/3072"}],"wp:attachment":[{"href":"https:\/\/www.arbeidsutvalget.no\/index.php?rest_route=%2Fwp%2Fv2%2Fmedia&parent=3071"}],"wp:term":[{"taxonomy":"category","embeddable":true,"href":"https:\/\/www.arbeidsutvalget.no\/index.php?rest_route=%2Fwp%2Fv2%2Fcategories&post=3071"},{"taxonomy":"post_tag","embeddable":true,"href":"https:\/\/www.arbeidsutvalget.no\/index.php?rest_route=%2Fwp%2Fv2%2Ftags&post=3071"}],"curies":[{"name":"wp","href":"https:\/\/api.w.org\/{rel}","templated":true}]}}